{"id":582,"date":"2021-08-16T11:49:42","date_gmt":"2021-08-16T11:49:42","guid":{"rendered":"http:\/\/wip.iadc-studio.de\/?p=582"},"modified":"2023-01-23T16:14:35","modified_gmt":"2023-01-23T16:14:35","slug":"mark-speaks-at-the-its","status":"publish","type":"post","link":"https:\/\/www.iadc-studio.de\/de\/mark-speaks-at-the-its\/","title":{"rendered":"Mark spricht auf dem ITS-Kongress"},"content":{"rendered":"<p>Sehr geehrte Partner und Freunde der IADC-Familie,<\/p>\n\n\n\n<p>wir geben zu, dass Sie schon lange nichts mehr von uns geh\u00f6rt haben.<\/p>\n\n\n\n<p>Diese Corona-Phase hat uns, wie viele von Ihnen, dazu veranlasst, unser ganzes Leben zu \u00fcberdenken. Neben negativen Ereignissen haben wir sicherlich auch gemerkt, wie wertvoll es ist, Freunde zu treffen, ins Theater oder Konzert zu gehen und sogar spontan unsere Eltern zu besuchen. \nIn diesen schwierigen Zeiten h\u00e4tten wir nicht gewissenhaft \u00fcber andere Ereignisse berichten k\u00f6nnen. In dieser Zeit h\u00e4tte es au\u00dfer dem Ende dieser Pandemie, keine erw\u00e4hnenswerte Nachricht gegeben, die die Menschen interessiert h\u00e4tte, dachten wir.<\/p>\n\n\n\n<p>Wir sind zuversichtlich, dass wir diese Zeit  sicher \u00fcberleben werden.<\/p>\n\n\n\n<p>Daran gibt es keinen Zweifel.<\/p>\n\n\n\n<p>Wir glauben, dass wir hoffentlich sogar auf das Ende dieser au\u00dfergew\u00f6hnlichen Zeit zusteuern.<\/p>\n\n\n\n<p>Die Zeit nach Corona wird jedoch anders sein. Sie wird vieles ver\u00e4ndern. Unser Alltag, unsere Art zu arbeiten, unsere Freizeitgestaltung und nicht zuletzt das Reisen.<br>Umweltschutz und Nachhaltigkeit werden und m\u00fcssen dabei eine gro\u00dfe Rolle spielen.<\/p>\n\n\n\n<p>Um den Klimawandel aufzuhalten, m\u00fcssen intelligente und nachhaltige Verkehrssysteme entwickelt werden.<\/p>\n\n\n\n<p>Klar, wir stellen uns dieser Herausforderung sehr gerne!<\/p>\n\n\n\n<p>Wir haben die vergangene Zeit genutzt, um nachhaltige Verkehrskonzepte zu entwickeln.<\/p>\n\n\n\n<p>Eines unserer Forschungsprojekte befasst sich mit der Integration eines neuen Verkehrstr\u00e4gers - Urban Air Mobility - in die bestehende Infrastruktur.<\/p>\n\n\n\n<p>Gl\u00fccklicherweise befassen sich viele Kollegen mit neuen Wegen der gr\u00fcnen Mobilit\u00e4t, so dass die<\/p>\n\n\n\n<p>Der Weltkongress f\u00fcr intelligente Verkehrssysteme (ITS) dieses Jahr in Hamburg stattfindet.<\/p>\n\n\n\n<p>Viele neue Reisekonzepte aus der ganzen Welt werden dort vorgestellt und wir freuen uns, dass wir dazu beitragen k\u00f6nnen.<\/p>\n\n\n\n<p>Auch Mark Longr\u00e9e, unser Gesch\u00e4ftsf\u00fchrer, wird unser Konzept mit dem Schwerpunktthema vorstellen:<\/p>\n\n\n\n<p>\u201cUrbane Air Mobility in Hamburg!\u201d<\/p>\n\n\n\n<p>Wir m\u00f6chten Sie zur kommenden ITS-Konferenz einladen:<\/p>\n\n\n\n<p class=\"norefferer noopener nofollow\"><strong><a href=\"https:\/\/www.hamburg.com\/business\/its\/11747546\/world-congress-2021\/\" target=\"_blank\" rel=\"noreferrer noopener\">ITS World Congress<\/a><\/strong>, 11. \u2013 15. Oktober 2021,<\/p>\n\n\n\n<p>Im Congress Center Hamburg und in den Messehallen<\/p>","protected":false},"excerpt":{"rendered":"<p>Dear partners and friends of the IADC family, we admit that you haven\u2019t heard from us for a long time. This Corona phase has, like many of you, urged us to rethink our whole life. In addition to negative events, we have certainly also noticed how valuable it is to meet friends, go to the [&hellip;]<\/p>","protected":false},"author":1,"featured_media":610,"comment_status":"closed","ping_status":"open","sticky":false,"template":"","format":"standard","meta":{"_jetpack_memberships_contains_paid_content":false,"footnotes":""},"categories":[14],"tags":[],"class_list":["post-582","post","type-post","status-publish","format-standard","has-post-thumbnail","hentry","category-news"],"jetpack_featured_media_url":"https:\/\/www.iadc-studio.de\/wp-content\/uploads\/2021\/08\/Featured_ITS.jpg","jetpack_sharing_enabled":true,"_links":{"self":[{"href":"https:\/\/www.iadc-studio.de\/de\/wp-json\/wp\/v2\/posts\/582","targetHints":{"allow":["GET"]}}],"collection":[{"href":"https:\/\/www.iadc-studio.de\/de\/wp-json\/wp\/v2\/posts"}],"about":[{"href":"https:\/\/www.iadc-studio.de\/de\/wp-json\/wp\/v2\/types\/post"}],"author":[{"embeddable":true,"href":"https:\/\/www.iadc-studio.de\/de\/wp-json\/wp\/v2\/users\/1"}],"replies":[{"embeddable":true,"href":"https:\/\/www.iadc-studio.de\/de\/wp-json\/wp\/v2\/comments?post=582"}],"version-history":[{"count":5,"href":"https:\/\/www.iadc-studio.de\/de\/wp-json\/wp\/v2\/posts\/582\/revisions"}],"predecessor-version":[{"id":1243,"href":"https:\/\/www.iadc-studio.de\/de\/wp-json\/wp\/v2\/posts\/582\/revisions\/1243"}],"wp:featuredmedia":[{"embeddable":true,"href":"https:\/\/www.iadc-studio.de\/de\/wp-json\/wp\/v2\/media\/610"}],"wp:attachment":[{"href":"https:\/\/www.iadc-studio.de\/de\/wp-json\/wp\/v2\/media?parent=582"}],"wp:term":[{"taxonomy":"category","embeddable":true,"href":"https:\/\/www.iadc-studio.de\/de\/wp-json\/wp\/v2\/categories?post=582"},{"taxonomy":"post_tag","embeddable":true,"href":"https:\/\/www.iadc-studio.de\/de\/wp-json\/wp\/v2\/tags?post=582"}],"curies":[{"name":"wp","href":"https:\/\/api.w.org\/{rel}","templated":true}]}}